{"id":1728,"date":"2025-08-25T19:11:09","date_gmt":"2025-08-25T19:11:09","guid":{"rendered":"https:\/\/www.ptpi.pl\/?p=1728"},"modified":"2025-08-27T08:46:03","modified_gmt":"2025-08-27T08:46:03","slug":"cewniki-posrednie-i-dlugie-kaniule-dozylne-jakie-znaczenie-ma-polozenie-koncowki","status":"publish","type":"post","link":"https:\/\/www.ptpi.pl\/index.php\/2025\/08\/25\/cewniki-posrednie-i-dlugie-kaniule-dozylne-jakie-znaczenie-ma-polozenie-koncowki\/","title":{"rendered":"Cewniki po\u015brednie i\u00a0d\u0142ugie kaniule do\u017cylne: jakie znaczenie ma po\u0142o\u017cenie ko\u0144c\u00f3wki?"},"content":{"rendered":"\n<p>Ka\u017cdy cewnik do\u017cylny, kt\u00f3rego ko\u0144c\u00f3wka znajduje si\u0119 w przebiegu \u017cy\u0142 ramienia, niezale\u017cnie od techniki wprowadzania z punktu widzenia funkcjonalno\u015bci, jest d\u0142ug\u0105 kaniul\u0105 do\u017cyln\u0105. Oczywiste w przypadku cewnik\u00f3w kr\u00f3tszych ni\u017c 15\u201320 cm, poniewa\u017c z za\u0142o\u017cenia trudno umie\u015bci\u0107 ko\u0144c\u00f3wk\u0119 we w\u0142a\u015bciwym miejscu, ale umieszczony \u201ecewnik po\u015bredni\u201d w dolnej cz\u0119\u015bci zielonej ZIM&#x2122; powinien by\u0107 raportowany jako LPC, je\u015bli jego ko\u0144c\u00f3wka znajduje si\u0119 w \u017cyle ramienia. Uwzgl\u0119dnienie wszystkich aspekt\u00f3w dotycz\u0105cych poprawnego wprowadzania cewnik\u00f3w po\u015brednich pozwala na osi\u0105gni\u0119cie lepszych, bo przecie\u017c po\u017c\u0105danych wynik\u00f3w klinicznych.<\/p>\n\n\n\n<p><a href=\"https:\/\/evereth.pl\/project\/cewniki-posrednie-i-dlugie-kaniule-dozylne-jakie-znaczenie-ma-polozenie-koncowki\/\">Zapraszamy do lektury artyku\u0142u: Cewniki po\u015brednie i&nbsp;d\u0142ugie kaniule do\u017cylne: jakie znaczenie ma po\u0142o\u017cenie ko\u0144c\u00f3wki?<\/a><\/p>\n","protected":false},"excerpt":{"rendered":"<p>Ka\u017cdy cewnik do\u017cylny, kt\u00f3rego ko\u0144c\u00f3wka znajduje si\u0119 w przebiegu \u017cy\u0142 ramienia, niezale\u017cnie od techniki wprowadzania z punktu widzenia funkcjonalno\u015bci, jest d\u0142ug\u0105 kaniul\u0105 do\u017cyln\u0105. Oczywiste w przypadku cewnik\u00f3w kr\u00f3tszych ni\u017c 15\u201320 cm, poniewa\u017c z za\u0142o\u017cenia trudno umie\u015bci\u0107 ko\u0144c\u00f3wk\u0119 we w\u0142a\u015bciwym miejscu, ale umieszczony \u201ecewnik po\u015bredni\u201d w dolnej cz\u0119\u015bci zielonej ZIM&#x2122; powinien by\u0107 raportowany jako LPC, je\u015bli [&hellip;]<\/p>\n","protected":false},"author":1,"featured_media":0,"comment_status":"closed","ping_status":"closed","sticky":false,"template":"","format":"standard","meta":{"_themeisle_gutenberg_block_has_review":false,"footnotes":""},"categories":[5],"tags":[],"class_list":["post-1728","post","type-post","status-publish","format-standard","hentry","category-edukacja"],"_links":{"self":[{"href":"https:\/\/www.ptpi.pl\/index.php\/wp-json\/wp\/v2\/posts\/1728","targetHints":{"allow":["GET"]}}],"collection":[{"href":"https:\/\/www.ptpi.pl\/index.php\/wp-json\/wp\/v2\/posts"}],"about":[{"href":"https:\/\/www.ptpi.pl\/index.php\/wp-json\/wp\/v2\/types\/post"}],"author":[{"embeddable":true,"href":"https:\/\/www.ptpi.pl\/index.php\/wp-json\/wp\/v2\/users\/1"}],"replies":[{"embeddable":true,"href":"https:\/\/www.ptpi.pl\/index.php\/wp-json\/wp\/v2\/comments?post=1728"}],"version-history":[{"count":2,"href":"https:\/\/www.ptpi.pl\/index.php\/wp-json\/wp\/v2\/posts\/1728\/revisions"}],"predecessor-version":[{"id":1746,"href":"https:\/\/www.ptpi.pl\/index.php\/wp-json\/wp\/v2\/posts\/1728\/revisions\/1746"}],"wp:attachment":[{"href":"https:\/\/www.ptpi.pl\/index.php\/wp-json\/wp\/v2\/media?parent=1728"}],"wp:term":[{"taxonomy":"category","embeddable":true,"href":"https:\/\/www.ptpi.pl\/index.php\/wp-json\/wp\/v2\/categories?post=1728"},{"taxonomy":"post_tag","embeddable":true,"href":"https:\/\/www.ptpi.pl\/index.php\/wp-json\/wp\/v2\/tags?post=1728"}],"curies":[{"name":"wp","href":"https:\/\/api.w.org\/{rel}","templated":true}]}}