{"id":1382,"date":"2024-11-08T09:50:27","date_gmt":"2024-11-08T09:50:27","guid":{"rendered":"https:\/\/www.ptpi.pl\/?p=1382"},"modified":"2024-11-08T09:50:28","modified_gmt":"2024-11-08T09:50:28","slug":"oswiadczenie-1-2024","status":"publish","type":"post","link":"https:\/\/www.ptpi.pl\/index.php\/2024\/11\/08\/oswiadczenie-1-2024\/","title":{"rendered":"O\u015bwiadczenie 1\/2024"},"content":{"rendered":"\n<p>Pragniemy poinformowa\u0107, i\u017c w dniu 30 pa\u017adziernika 2024 Wiceprezes Zarz\u0105du Polskiego Towarzystwa Piel\u0119gniarstwa Infuzyjnego, Marceli Solecki, z\u0142o\u017cy\u0142 rezygnacj\u0119 z pe\u0142nienia funkcji, a tak\u017ce cz\u0142onka Zarz\u0105du PTPI. <\/p>\n\n\n\n<p>Zarz\u0105d jednog\u0142o\u015bnie przyj\u0105\u0142 pisemn\u0105 rezygnacj\u0119, w kt\u00f3rej Wiceprezes okre\u015bli\u0142 dat\u0119 wykonywalno\u015bci swojej woli na dzie\u0144 przeprowadzenia Nadzwyczajnego Walnego Zgromadzenia Cz\u0142onk\u00f3w, nie p\u00f3\u017aniej jednak ni\u017c 2 miesi\u0105ce od daty z\u0142o\u017cenia o\u015bwiadczenia.<\/p>\n\n\n\n<p>Jednocze\u015bnie informujemy, \u017ce w zwi\u0105zku z powy\u017cszym, w celu uzupe\u0142nienia sk\u0142adu Zarz\u0105du wynikaj\u0105cego ze Statutu Towarzystwa na dzie\u0144 <strong>13 grudnia 2024<\/strong> zosta\u0142o zwo\u0142ane Nadzwyczajne Walne Zgromadzenie Cz\u0142onk\u00f3w Towarzystwa, kt\u00f3re odb\u0119dzie si\u0119 w formie stacjonarnej w Warszawie.<\/p>\n","protected":false},"excerpt":{"rendered":"<p>Pragniemy poinformowa\u0107, i\u017c w dniu 30 pa\u017adziernika 2024 Wiceprezes Zarz\u0105du Polskiego Towarzystwa Piel\u0119gniarstwa Infuzyjnego, Marceli Solecki, z\u0142o\u017cy\u0142 rezygnacj\u0119 z pe\u0142nienia funkcji, a tak\u017ce cz\u0142onka Zarz\u0105du PTPI. Zarz\u0105d jednog\u0142o\u015bnie przyj\u0105\u0142 pisemn\u0105 rezygnacj\u0119, w kt\u00f3rej Wiceprezes okre\u015bli\u0142 dat\u0119 wykonywalno\u015bci swojej woli na dzie\u0144 przeprowadzenia Nadzwyczajnego Walnego Zgromadzenia Cz\u0142onk\u00f3w, nie p\u00f3\u017aniej jednak ni\u017c 2 miesi\u0105ce od daty z\u0142o\u017cenia [&hellip;]<\/p>\n","protected":false},"author":1,"featured_media":0,"comment_status":"closed","ping_status":"closed","sticky":false,"template":"","format":"standard","meta":{"_themeisle_gutenberg_block_has_review":false,"footnotes":""},"categories":[6],"tags":[],"class_list":["post-1382","post","type-post","status-publish","format-standard","hentry","category-wydarzenia"],"_links":{"self":[{"href":"https:\/\/www.ptpi.pl\/index.php\/wp-json\/wp\/v2\/posts\/1382","targetHints":{"allow":["GET"]}}],"collection":[{"href":"https:\/\/www.ptpi.pl\/index.php\/wp-json\/wp\/v2\/posts"}],"about":[{"href":"https:\/\/www.ptpi.pl\/index.php\/wp-json\/wp\/v2\/types\/post"}],"author":[{"embeddable":true,"href":"https:\/\/www.ptpi.pl\/index.php\/wp-json\/wp\/v2\/users\/1"}],"replies":[{"embeddable":true,"href":"https:\/\/www.ptpi.pl\/index.php\/wp-json\/wp\/v2\/comments?post=1382"}],"version-history":[{"count":1,"href":"https:\/\/www.ptpi.pl\/index.php\/wp-json\/wp\/v2\/posts\/1382\/revisions"}],"predecessor-version":[{"id":1383,"href":"https:\/\/www.ptpi.pl\/index.php\/wp-json\/wp\/v2\/posts\/1382\/revisions\/1383"}],"wp:attachment":[{"href":"https:\/\/www.ptpi.pl\/index.php\/wp-json\/wp\/v2\/media?parent=1382"}],"wp:term":[{"taxonomy":"category","embeddable":true,"href":"https:\/\/www.ptpi.pl\/index.php\/wp-json\/wp\/v2\/categories?post=1382"},{"taxonomy":"post_tag","embeddable":true,"href":"https:\/\/www.ptpi.pl\/index.php\/wp-json\/wp\/v2\/tags?post=1382"}],"curies":[{"name":"wp","href":"https:\/\/api.w.org\/{rel}","templated":true}]}}